{"id":157,"date":"2025-03-23T00:00:00","date_gmt":"2025-03-23T00:00:00","guid":{"rendered":"https:\/\/articles-cafe.com\/?p=157"},"modified":"2025-04-02T12:42:55","modified_gmt":"2025-04-02T11:42:55","slug":"flared-broeken-bij-bijzondere-gelegenheden-hoe-te-combineren","status":"publish","type":"post","link":"https:\/\/articles-cafe.com\/ro\/flared-broeken-bij-bijzondere-gelegenheden-hoe-te-combineren\/","title":{"rendered":"Pantaloni evaza\u021bi pentru ocazii speciale: cum s\u0103 \u00eei combini?"},"content":{"rendered":"<div class=\"kk-star-ratings kksr-auto kksr-align-left kksr-valign-top\"\n    data-payload='{&quot;align&quot;:&quot;left&quot;,&quot;id&quot;:&quot;157&quot;,&quot;slug&quot;:&quot;default&quot;,&quot;valign&quot;:&quot;top&quot;,&quot;ignore&quot;:&quot;&quot;,&quot;reference&quot;:&quot;auto&quot;,&quot;class&quot;:&quot;&quot;,&quot;count&quot;:&quot;0&quot;,&quot;legendonly&quot;:&quot;&quot;,&quot;readonly&quot;:&quot;&quot;,&quot;score&quot;:&quot;0&quot;,&quot;starsonly&quot;:&quot;&quot;,&quot;best&quot;:&quot;5&quot;,&quot;gap&quot;:&quot;5&quot;,&quot;greet&quot;:&quot;Rate this post&quot;,&quot;legend&quot;:&quot;0\\\/5 - (0 votes)&quot;,&quot;size&quot;:&quot;24&quot;,&quot;title&quot;:&quot;Flared broeken bij bijzondere gelegenheden: hoe te combineren?&quot;,&quot;width&quot;:&quot;0&quot;,&quot;_legend&quot;:&quot;{score}\\\/{best} - ({count} {votes})&quot;,&quot;font_factor&quot;:&quot;1.25&quot;}'>\n            \n<div class=\"kksr-stars\">\n    \n<div class=\"kksr-stars-inactive\">\n            <div class=\"kksr-star\" data-star=\"1\" style=\"padding-right: 5px\">\n            \n\n<div class=\"kksr-icon\" style=\"width: 24px; height: 24px;\"><\/div>\n        <\/div>\n            <div class=\"kksr-star\" data-star=\"2\" style=\"padding-right: 5px\">\n            \n\n<div class=\"kksr-icon\" style=\"width: 24px; height: 24px;\"><\/div>\n        <\/div>\n            <div class=\"kksr-star\" data-star=\"3\" style=\"padding-right: 5px\">\n            \n\n<div class=\"kksr-icon\" style=\"width: 24px; height: 24px;\"><\/div>\n        <\/div>\n            <div class=\"kksr-star\" data-star=\"4\" style=\"padding-right: 5px\">\n            \n\n<div class=\"kksr-icon\" style=\"width: 24px; height: 24px;\"><\/div>\n        <\/div>\n            <div class=\"kksr-star\" data-star=\"5\" style=\"padding-right: 5px\">\n            \n\n<div class=\"kksr-icon\" style=\"width: 24px; height: 24px;\"><\/div>\n        <\/div>\n    <\/div>\n    \n<div class=\"kksr-stars-active\" style=\"width: 0px;\">\n            <div class=\"kksr-star\" style=\"padding-right: 5px\">\n            \n\n<div class=\"kksr-icon\" style=\"width: 24px; height: 24px;\"><\/div>\n        <\/div>\n            <div class=\"kksr-star\" style=\"padding-right: 5px\">\n            \n\n<div class=\"kksr-icon\" style=\"width: 24px; height: 24px;\"><\/div>\n        <\/div>\n            <div class=\"kksr-star\" style=\"padding-right: 5px\">\n            \n\n<div class=\"kksr-icon\" style=\"width: 24px; height: 24px;\"><\/div>\n        <\/div>\n            <div class=\"kksr-star\" style=\"padding-right: 5px\">\n            \n\n<div class=\"kksr-icon\" style=\"width: 24px; height: 24px;\"><\/div>\n        <\/div>\n            <div class=\"kksr-star\" style=\"padding-right: 5px\">\n            \n\n<div class=\"kksr-icon\" style=\"width: 24px; height: 24px;\"><\/div>\n        <\/div>\n    <\/div>\n<\/div>\n                \n\n<div class=\"kksr-legend\" style=\"font-size: 19.2px;\">\n            <span class=\"kksr-muted\">Evalueaz\u0103 aceast\u0103 postare<\/span>\n    <\/div>\n    <\/div>\n<p>Pantalonii evaza\u021bi nu sunt doar o declara\u021bie de mod\u0103 \u00een zilele noastre, ci \u0219i o expresie a individualit\u0103\u021bii \u0219i stilului. Ace\u0219ti pantaloni, cu forma lor distinctiv\u0103, cu picioare largi, ofer\u0103 oportunitatea de a fi creativ cu o varietate de \u021binute. Indiferent dac\u0103 participa\u021bi la un eveniment formal sau la o reuniune casual, pantalonii evaza\u021bi pot fi asorta\u021bi cu o varietate de stiluri. Este timpul s\u0103 descoperi\u021bi cum s\u0103 asorta\u021bi ace\u0219ti pantaloni versatili pentru a face o impresie de neuitat. \u00cen acest articol, vom examina cele mai bune modalit\u0103\u021bi de a asorta pantalonii evaza\u021bi pentru o varietate de ocazii speciale.<\/p>\n<p>Dac\u0103 vrei s\u0103 adaugi pantaloni evaza\u021bi \u00een garderoba ta, este important s\u0103 \u00een\u021belegi istoria lor \u0219i de ce revin at\u00e2t de mult \u00een for\u021b\u0103. Ace\u0219ti pantaloni nu numai c\u0103 se potrivesc unei variet\u0103\u021bi de tipuri de corp, dar sunt \u0219i confortabili \u0219i versatili. Indiferent dac\u0103 preferi un look casual sau un stil mai elegant, exist\u0103 o modalitate de a purta pantaloni evaza\u021bi \u00eentr-un mod atr\u0103g\u0103tor. Vom discuta despre arta de a asorta pantalonii evaza\u021bi cu topuri, jachete \u0219i accesorii pentru o \u021binut\u0103 complet\u0103, unic\u0103 \u0219i elegant\u0103.<\/p>\n<h2>Ce sunt pantalonii evaza\u021bi?<\/h2>\n<p><img decoding=\"async\" alt=\"Twee vrouwen genieten van een picknick in het park, omringd door groen en lekkernijen. Vrolijke sfeer!\" src=\"https:\/\/articles-cafe.com\/wp-content\/uploads\/imagebab2850f7d104032bf650be7c10a4f39.png\"\/><\/p>\n<p>Pantalonii evaza\u021bi au ap\u0103rut \u00een anii &#039;60 \u0219i &#039;70 \u0219i sunt din nou la mod\u0103. Ace\u0219ti pantaloni sunt specializa\u021bi \u00een evazarea lor, care \u00eencepe de la genunchi \u0219i se evazeaz\u0103 \u00een jos. Sunt disponibili \u00een diferite materiale, cum ar fi denim, bumbac \u0219i chiar materiale de lux, cum ar fi m\u0103tasea sau satinul, ceea ce \u00eei face potrivi\u021bi pentru tot felul de evenimente. Popularitatea pantalonilor evaza\u021bi se datoreaz\u0103 capacit\u0103\u021bii lor de a flata diferite forme ale corpului \u0219i de a oferi un aspect la mod\u0103. \u00cen lumea modei, ace\u0219tia sunt, de asemenea, versatili, de la casual la elegant.<\/p>\n<h3>Istoria pantalonilor evaza\u021bi<\/h3>\n<p>Pantalonii evaza\u021bi au ap\u0103rut ca simbol al contraculturii \u00een anii 1960, dar au evoluat de-a lungul anilor. Odat\u0103 asocia\u021bi cu hipio\u021bii, au fost purta\u021bi ulterior de celebrit\u0103\u021bi \u0219i icoane ale modei. Ace\u0219ti pantaloni au rezistat testului timpului \u0219i au devenit o alegere pe tot parcursul anului pentru mul\u021bi oameni preocupa\u021bi de mod\u0103. Revenirea lor \u00een tendin\u021bele modei de ast\u0103zi este o dovad\u0103 a atractivit\u0103\u021bii lor durabile. Varietatea de stiluri \u0219i \u021bes\u0103turi i-a adaptat nevoilor consumatorului modern.<\/p>\n<h3>De ce s\u0103 alegi pantaloni evaza\u021bi?<\/h3>\n<p>Pantalonii evaza\u021bi sunt o alegere excelent\u0103 at\u00e2t pentru stil, c\u00e2t \u0219i pentru confort. Iat\u0103 c\u00e2teva dintre beneficiile alegerii pantalonilor evaza\u021bi:<\/p>\n<ul>\n<li>Croial\u0103 flatant\u0103 pentru diferite tipuri de corp.<\/li>\n<li>U\u0219or de combinat cu diverse topuri \u0219i jachete.<\/li>\n<li>Perfect at\u00e2t pentru evenimente casual, c\u00e2t \u0219i pentru evenimente formale.<\/li>\n<li>Ofer\u0103 mi\u0219care \u0219i confort f\u0103r\u0103 a sacrifica stilul.<\/li>\n<li>\u00cen lumea modei, acestea sunt un clasic atemporal.<\/li>\n<\/ul>\n<h2>Pantaloni evaza\u021bi pentru ocazii formale<\/h2>\n<p><img decoding=\"async\" alt=\"Groep van acht vrouwen in modieuze outfits met wijde pijpen, poseert buiten een caf\u00e9 op een zonnige dag.\" src=\"https:\/\/articles-cafe.com\/wp-content\/uploads\/imagebffcce99834c4623bdc768bacb4a04fa.png\"\/><\/p>\n<p>Pentru o ocazie formal\u0103, este important s\u0103-\u021bi stilizezi pantalonii evaza\u021bi \u00eentr-un mod sofisticat. Acest lucru necesit\u0103 aten\u021bie la detalii, de la alegerea topului p\u00e2n\u0103 la accesoriile care completeaz\u0103 \u021binuta. Alege o bluz\u0103 frumoas\u0103 sau o c\u0103ma\u0219\u0103 croit\u0103 pe m\u0103sur\u0103 \u0219i las\u0103 \u021binutele tale s\u0103 radieze c\u0103 iei ocazia \u00een serios. Utilizarea culorilor neutre \u0219i a materialelor luxoase poate, de asemenea, s\u0103 ajute la \u00eembun\u0103t\u0103\u021birea unui aspect elegant. Iat\u0103 c\u00e2teva sfaturi care te vor ajuta.<\/p>\n<p>Lua\u021bi \u00een considerare urm\u0103toarele combina\u021bii pentru un look formal:<\/p>\n<ul>\n<li>O bluz\u0103 de m\u0103tase deschis\u0103 la culoare, combinat\u0103 cu pantaloni evaza\u021bi de culoare \u00eenchis\u0103.<\/li>\n<li>O jachet\u0103 str\u00e2mt\u0103 din denim peste un top elegant.<\/li>\n<li>Un sacou elegant care s\u0103-\u021bi pun\u0103 \u00een valoare pantalonii evaza\u021bi.<\/li>\n<\/ul>\n<p>Alegerea \u00eenc\u0103l\u021b\u0103mintei potrivite este, de asemenea, crucial\u0103. Tipul de pantofi poate schimba aspectul general al \u021binutei tale. \u00cencearc\u0103 s\u0103 experimentezi cu tocuri sau pantofi elegan\u021bi care se potrivesc bine cu lungimea pantalonilor t\u0103i evaza\u021bi.<\/p>\n<table border=\"1\">\n<tr>\n<th>Tipul de \u00eenc\u0103l\u021b\u0103minte<\/th>\n<th>Avantaj<\/th>\n<\/tr>\n<tr>\n<td>Tocuri<\/td>\n<td>Alunge\u0219te piciorul \u0219i adaug\u0103 elegan\u021b\u0103.<\/td>\n<\/tr>\n<tr>\n<td>Pantofi cu platform\u0103<\/td>\n<td>Confortabil \u0219i la mod\u0103.<\/td>\n<\/tr>\n<tr>\n<td>Teni\u0219i frumo\u0219i<\/td>\n<td>Casual, dar elegant, pentru un look mai relaxat.<\/td>\n<\/tr>\n<\/table>\n<h2>Pantaloni evaza\u021bi pentru ocazii casual<\/h2>\n<p>Pantalonii evaza\u021bi nu sunt doar pentru ocazii speciale \u0219i formale. Sunt ideali \u0219i pentru evenimente casual, cum ar fi un brunch cu prietenii sau o zi \u00een ora\u0219. Combina\u021bia potrivit\u0103 de topuri, jachete \u0219i accesorii poate accentua pantalonii evaza\u021bi \u00eentr-un mod relaxat, dar la mod\u0103. Este o \u0219ans\u0103 de a fi creativ \u0219i de a-\u021bi etala stilul personal.<\/p>\n<p>Iat\u0103 c\u00e2teva \u021binute perfecte pentru o ocazie casual:<\/p>\n<ul>\n<li>Asorteaz\u0103 un tricou simplu cu pantaloni evaza\u021bi din denim pentru un look relaxat.<\/li>\n<li>Adaug\u0103 un pulover supradimensionat pentru mai mult confort \u0219i stil.<\/li>\n<li>Joac\u0103-te cu straturile purt\u00e2nd un cardigan lung peste bluz\u0103.<\/li>\n<\/ul>\n<p>De asemenea, po\u021bi completa \u021binuta cu o pereche de adida\u0219i sau sandale frumoase. Combinarea \u021binutelor casual cu accesorii la mod\u0103 func\u021bioneaz\u0103, de asemenea, bine pentru un look relaxat.<\/p>\n<h2>Culori \u0219i modele<\/h2>\n<p>Culoarea \u0219i modelul pantalonilor evaza\u021bi joac\u0103 un rol important \u00een aspectul t\u0103u general. \u021ainutele monocrome pot oferi un aspect sofisticat, \u00een timp ce imprimeurile \u00eendr\u0103zne\u021be pot ad\u0103uga caracter \u0219i creativitate stilului t\u0103u. Este important s\u0103 faci alegerea potrivit\u0103 \u00een func\u021bie de ocazie \u0219i de preferin\u021bele tale personale.<\/p>\n<h3>Aspect monocrom<\/h3>\n<p>Un look monocromatic poate fi foarte puternic. Adoptarea unei singure culori sau nuan\u021be confer\u0103 unitate \u021binutei tale \u0219i te face s\u0103 pari mai supl\u0103. Acest lucru este util \u00een special pentru evenimentele formale unde vrei s\u0103 creezi un aspect elegant.<\/p>\n<p>De asemenea, poate varia de la culori deschise, cum ar fi cremul, p\u00e2n\u0103 la culori \u00eenchise, cum ar fi negrul, \u00een func\u021bie de anotimpuri \u0219i de preferin\u021bele personale. Este important s\u0103 alege\u021bi materiale care se potrivesc cu ocazia.<\/p>\n<h3>Imprimeuri \u00eendr\u0103zne\u021be<\/h3>\n<p>Imprimeurile \u00eendr\u0103zne\u021be sunt perfecte pentru evenimentele casual \u0219i pot oferi o not\u0103 proasp\u0103t\u0103 \u0219i juc\u0103u\u0219\u0103. Acestea pot fi motive florale, dungi sau chiar modele geometrice care \u00ee\u021bi vor duce \u021binuta la nivelul urm\u0103tor. Este esen\u021bial s\u0103 le asortezi cu topuri neutre, astfel \u00eenc\u00e2t accentul s\u0103 r\u0103m\u00e2n\u0103 pe pantalonii evaza\u021bi.<\/p>\n<h2>M\u0103rimea \u0219i potrivirea potrivite<\/h2>\n<p>C\u00e2nd vine vorba de pantaloni evaza\u021bi, alegerea m\u0103rimii \u0219i a croiului potrivit este esen\u021bial\u0103 pentru confort \u0219i stil. Materialele elastice pot fi o modalitate excelent\u0103 de a le completa, \u00een timp ce o talie mai \u00eenalt\u0103 poate ajuta la accentuarea siluetei. Croiul potrivit v\u0103 va asigura c\u0103 v\u0103 sim\u021bi\u021bi confortabil \u0219i \u00eencrez\u0103toare, indiferent de ocazie. Exist\u0103 adesea diferite stiluri care pot varia de la o croial\u0103 mai str\u00e2mt\u0103 \u00een talie p\u00e2n\u0103 la o evazare mai larg\u0103 la nivelul picioarelor. \u00cencerca\u021bi diferite croiuri \u0219i m\u0103rimi pentru a g\u0103si alegerea ideal\u0103.<\/p>\n<h2>Concluzie<\/h2>\n<p>Pantalonii evaza\u021bi sunt o alegere versatil\u0103 \u0219i la mod\u0103 pentru o varietate de ocazii speciale. Cu combina\u021biile potrivite, de la topuri la accesorii, ace\u0219tia pot fi purta\u021bi at\u00e2t elegant, c\u00e2t \u0219i casual. Cel mai important lucru este s\u0103 \u021bii cont de stilul t\u0103u personal \u0219i de confort. Indiferent dac\u0103 preferi un look formal sau o \u021binut\u0103 relaxat\u0103, pantalonii evaza\u021bi te pot ajuta s\u0103 ie\u0219i \u00een eviden\u021b\u0103. A\u0219adar, \u00eendr\u0103zne\u0219te s\u0103 experimentezi \u0219i s\u0103-\u021bi exprimi creativitatea cu ace\u0219ti pantaloni la mod\u0103.<\/p>\n<h2>\u00centreb\u0103ri frecvente<\/h2>\n<ul>\n<li><strong>Pantalonii evaza\u021bi sunt potrivi\u021bi pentru orice tip de corp?<\/strong> Da, pantalonii evaza\u021bi pot fi feminini \u0219i flatanti pe diferite tipuri de corp dac\u0103 sunt croi\u021bi corespunz\u0103tor.<\/li>\n<li><strong>Ce pantofi sunt cei mai potrivi\u021bi cu pantaloni evaza\u021bi?<\/strong> Tocurile \u00eenalte, pantofii cu platform\u0103 sau chiar teni\u0219ii elegan\u021bi pot merge bine \u00een func\u021bie de ocazie.<\/li>\n<li><strong>Po\u021bi purta pantaloni evaza\u021bi \u0219i iarna?<\/strong> Absolut! Pantalonii evaza\u021bi pot fi u\u0219or asorta\u021bi cu cizme elegante sau chiar cu colan\u021bi gro\u0219i \u0219i topuri c\u0103lduroase.<\/li>\n<li><strong>Care sunt cele mai bune materiale pentru pantaloni evaza\u021bi?<\/strong> Pentru ocazii speciale, materiale precum l\u00e2na, satinul sau chiar denimul sunt ideale, \u00een func\u021bie de aspectul \u0219i confortul dorit.<\/li>\n<\/ul>","protected":false},"excerpt":{"rendered":"<p>Pantalonii evaza\u021bi nu sunt doar un articol de mod\u0103 \u00een zilele noastre, ci \u0219i o expresie a individualit\u0103\u021bii \u0219i stilului. Ace\u0219ti pantaloni, cu croiala lor evazat\u0103 caracteristic\u0103, ofer\u0103<\/p>","protected":false},"author":2,"featured_media":129,"comment_status":"closed","ping_status":"closed","sticky":false,"template":"","format":"standard","meta":{"_acf_changed":false,"footnotes":""},"categories":[1],"tags":[],"class_list":["post-157","post","type-post","status-publish","format-standard","has-post-thumbnail","hentry","category-bloggen"],"acf":[],"yoast_head":"<!-- This site is optimized with the Yoast SEO plugin v23.2 - https:\/\/yoast.com\/wordpress\/plugins\/seo\/ -->\n<title>Flared Broeken: Stijlvolle Combinaties voor Bijzondere Gelegenheden<\/title>\n<meta name=\"description\" content=\"Ontdek hoe je flared broeken kunt combineren voor elke gelegenheid met tips over stijl, kleuren en accessoires.\" \/>\n<meta name=\"robots\" content=\"index, follow, max-snippet:-1, max-image-preview:large, max-video-preview:-1\" \/>\n<link rel=\"canonical\" href=\"https:\/\/articles-cafe.com\/ro\/flared-broeken-bij-bijzondere-gelegenheden-hoe-te-combineren\/\" \/>\n<meta property=\"og:locale\" content=\"ro_RO\" \/>\n<meta property=\"og:type\" content=\"article\" \/>\n<meta property=\"og:title\" content=\"Flared Broeken: Stijlvolle Combinaties voor Bijzondere Gelegenheden\" \/>\n<meta property=\"og:description\" content=\"Ontdek hoe je flared broeken kunt combineren voor elke gelegenheid met tips over stijl, kleuren en accessoires.\" \/>\n<meta property=\"og:url\" content=\"https:\/\/articles-cafe.com\/ro\/flared-broeken-bij-bijzondere-gelegenheden-hoe-te-combineren\/\" \/>\n<meta property=\"og:site_name\" content=\"articles-cafe.com\" \/>\n<meta property=\"article:published_time\" content=\"2025-03-23T00:00:00+00:00\" \/>\n<meta property=\"article:modified_time\" content=\"2025-04-02T11:42:55+00:00\" \/>\n<meta property=\"og:image\" content=\"https:\/\/articles-cafe.com\/wp-content\/uploads\/image45c6095f558d4a979ffee1a4f44df6b0.png\" \/>\n\t<meta property=\"og:image:width\" content=\"1024\" \/>\n\t<meta property=\"og:image:height\" content=\"768\" \/>\n\t<meta property=\"og:image:type\" content=\"image\/png\" \/>\n<meta name=\"author\" content=\"Annelore de Ruiter\" \/>\n<meta name=\"twitter:card\" content=\"summary_large_image\" \/>\n<meta name=\"twitter:label1\" content=\"Scris de\" \/>\n\t<meta name=\"twitter:data1\" content=\"Annelore de Ruiter\" \/>\n\t<meta name=\"twitter:label2\" content=\"Timp estimat pentru citire\" \/>\n\t<meta name=\"twitter:data2\" content=\"6 minute\" \/>\n<script type=\"application\/ld+json\" class=\"yoast-schema-graph\">{\"@context\":\"https:\/\/schema.org\",\"@graph\":[{\"@type\":\"WebPage\",\"@id\":\"https:\/\/articles-cafe.com\/flared-broeken-bij-bijzondere-gelegenheden-hoe-te-combineren\/\",\"url\":\"https:\/\/articles-cafe.com\/flared-broeken-bij-bijzondere-gelegenheden-hoe-te-combineren\/\",\"name\":\"Flared Broeken: Stijlvolle Combinaties voor Bijzondere Gelegenheden\",\"isPartOf\":{\"@id\":\"https:\/\/articles-cafe.com\/#website\"},\"primaryImageOfPage\":{\"@id\":\"https:\/\/articles-cafe.com\/flared-broeken-bij-bijzondere-gelegenheden-hoe-te-combineren\/#primaryimage\"},\"image\":{\"@id\":\"https:\/\/articles-cafe.com\/flared-broeken-bij-bijzondere-gelegenheden-hoe-te-combineren\/#primaryimage\"},\"thumbnailUrl\":\"https:\/\/articles-cafe.com\/wp-content\/uploads\/image45c6095f558d4a979ffee1a4f44df6b0.png\",\"datePublished\":\"2025-03-23T00:00:00+00:00\",\"dateModified\":\"2025-04-02T11:42:55+00:00\",\"author\":{\"@id\":\"https:\/\/articles-cafe.com\/#\/schema\/person\/392a6ece16915b4df211afec736aa073\"},\"description\":\"Ontdek hoe je flared broeken kunt combineren voor elke gelegenheid met tips over stijl, kleuren en accessoires.\",\"breadcrumb\":{\"@id\":\"https:\/\/articles-cafe.com\/flared-broeken-bij-bijzondere-gelegenheden-hoe-te-combineren\/#breadcrumb\"},\"inLanguage\":\"ro-RO\",\"potentialAction\":[{\"@type\":\"ReadAction\",\"target\":[\"https:\/\/articles-cafe.com\/flared-broeken-bij-bijzondere-gelegenheden-hoe-te-combineren\/\"]}]},{\"@type\":\"ImageObject\",\"inLanguage\":\"ro-RO\",\"@id\":\"https:\/\/articles-cafe.com\/flared-broeken-bij-bijzondere-gelegenheden-hoe-te-combineren\/#primaryimage\",\"url\":\"https:\/\/articles-cafe.com\/wp-content\/uploads\/image45c6095f558d4a979ffee1a4f44df6b0.png\",\"contentUrl\":\"https:\/\/articles-cafe.com\/wp-content\/uploads\/image45c6095f558d4a979ffee1a4f44df6b0.png\",\"width\":1024,\"height\":768},{\"@type\":\"BreadcrumbList\",\"@id\":\"https:\/\/articles-cafe.com\/flared-broeken-bij-bijzondere-gelegenheden-hoe-te-combineren\/#breadcrumb\",\"itemListElement\":[{\"@type\":\"ListItem\",\"position\":1,\"name\":\"Home\",\"item\":\"https:\/\/articles-cafe.com\/\"},{\"@type\":\"ListItem\",\"position\":2,\"name\":\"Flared broeken bij bijzondere gelegenheden: hoe te combineren?\"}]},{\"@type\":\"WebSite\",\"@id\":\"https:\/\/articles-cafe.com\/#website\",\"url\":\"https:\/\/articles-cafe.com\/\",\"name\":\"articles-cafe.com\",\"description\":\"Ontdek jouw persoonlijke stijl bij ons\",\"potentialAction\":[{\"@type\":\"SearchAction\",\"target\":{\"@type\":\"EntryPoint\",\"urlTemplate\":\"https:\/\/articles-cafe.com\/?s={search_term_string}\"},\"query-input\":\"required name=search_term_string\"}],\"inLanguage\":\"ro-RO\"},{\"@type\":\"Person\",\"@id\":\"https:\/\/articles-cafe.com\/#\/schema\/person\/392a6ece16915b4df211afec736aa073\",\"name\":\"Annelore de Ruiter\",\"image\":{\"@type\":\"ImageObject\",\"inLanguage\":\"ro-RO\",\"@id\":\"https:\/\/articles-cafe.com\/#\/schema\/person\/image\/\",\"url\":\"https:\/\/articles-cafe.com\/wp-content\/uploads\/annelore-de-ruiter_avatar-96x96.jpg\",\"contentUrl\":\"https:\/\/articles-cafe.com\/wp-content\/uploads\/annelore-de-ruiter_avatar-96x96.jpg\",\"caption\":\"Annelore de Ruiter\"},\"description\":\"Annelore de Ruiter is een modeadviseur en stylist, afgestudeerd aan de modeacademie in Rotterdam. Ze heeft ervaring met diverse klanten en werkt samen met merken en ontwerpers om tijdloze, maar trendy looks te cre\u00ebren.\",\"url\":\"https:\/\/articles-cafe.com\/ro\/author\/annelore-de-ruiter\/\"}]}<\/script>\n<!-- \/ Yoast SEO plugin. -->","yoast_head_json":{"title":"Flared Broeken: Stijlvolle Combinaties voor Bijzondere Gelegenheden","description":"Ontdek hoe je flared broeken kunt combineren voor elke gelegenheid met tips over stijl, kleuren en accessoires.","robots":{"index":"index","follow":"follow","max-snippet":"max-snippet:-1","max-image-preview":"max-image-preview:large","max-video-preview":"max-video-preview:-1"},"canonical":"https:\/\/articles-cafe.com\/ro\/flared-broeken-bij-bijzondere-gelegenheden-hoe-te-combineren\/","og_locale":"ro_RO","og_type":"article","og_title":"Flared Broeken: Stijlvolle Combinaties voor Bijzondere Gelegenheden","og_description":"Ontdek hoe je flared broeken kunt combineren voor elke gelegenheid met tips over stijl, kleuren en accessoires.","og_url":"https:\/\/articles-cafe.com\/ro\/flared-broeken-bij-bijzondere-gelegenheden-hoe-te-combineren\/","og_site_name":"articles-cafe.com","article_published_time":"2025-03-23T00:00:00+00:00","article_modified_time":"2025-04-02T11:42:55+00:00","og_image":[{"width":1024,"height":768,"url":"https:\/\/articles-cafe.com\/wp-content\/uploads\/image45c6095f558d4a979ffee1a4f44df6b0.png","type":"image\/png"}],"author":"Annelore de Ruiter","twitter_card":"summary_large_image","twitter_misc":{"Scris de":"Annelore de Ruiter","Timp estimat pentru citire":"6 minute"},"schema":{"@context":"https:\/\/schema.org","@graph":[{"@type":"WebPage","@id":"https:\/\/articles-cafe.com\/flared-broeken-bij-bijzondere-gelegenheden-hoe-te-combineren\/","url":"https:\/\/articles-cafe.com\/flared-broeken-bij-bijzondere-gelegenheden-hoe-te-combineren\/","name":"Flared Broeken: Stijlvolle Combinaties voor Bijzondere Gelegenheden","isPartOf":{"@id":"https:\/\/articles-cafe.com\/#website"},"primaryImageOfPage":{"@id":"https:\/\/articles-cafe.com\/flared-broeken-bij-bijzondere-gelegenheden-hoe-te-combineren\/#primaryimage"},"image":{"@id":"https:\/\/articles-cafe.com\/flared-broeken-bij-bijzondere-gelegenheden-hoe-te-combineren\/#primaryimage"},"thumbnailUrl":"https:\/\/articles-cafe.com\/wp-content\/uploads\/image45c6095f558d4a979ffee1a4f44df6b0.png","datePublished":"2025-03-23T00:00:00+00:00","dateModified":"2025-04-02T11:42:55+00:00","author":{"@id":"https:\/\/articles-cafe.com\/#\/schema\/person\/392a6ece16915b4df211afec736aa073"},"description":"Ontdek hoe je flared broeken kunt combineren voor elke gelegenheid met tips over stijl, kleuren en accessoires.","breadcrumb":{"@id":"https:\/\/articles-cafe.com\/flared-broeken-bij-bijzondere-gelegenheden-hoe-te-combineren\/#breadcrumb"},"inLanguage":"ro-RO","potentialAction":[{"@type":"ReadAction","target":["https:\/\/articles-cafe.com\/flared-broeken-bij-bijzondere-gelegenheden-hoe-te-combineren\/"]}]},{"@type":"ImageObject","inLanguage":"ro-RO","@id":"https:\/\/articles-cafe.com\/flared-broeken-bij-bijzondere-gelegenheden-hoe-te-combineren\/#primaryimage","url":"https:\/\/articles-cafe.com\/wp-content\/uploads\/image45c6095f558d4a979ffee1a4f44df6b0.png","contentUrl":"https:\/\/articles-cafe.com\/wp-content\/uploads\/image45c6095f558d4a979ffee1a4f44df6b0.png","width":1024,"height":768},{"@type":"BreadcrumbList","@id":"https:\/\/articles-cafe.com\/flared-broeken-bij-bijzondere-gelegenheden-hoe-te-combineren\/#breadcrumb","itemListElement":[{"@type":"ListItem","position":1,"name":"Home","item":"https:\/\/articles-cafe.com\/"},{"@type":"ListItem","position":2,"name":"Flared broeken bij bijzondere gelegenheden: hoe te combineren?"}]},{"@type":"WebSite","@id":"https:\/\/articles-cafe.com\/#website","url":"https:\/\/articles-cafe.com\/","name":"articles-cafe.com","description":"Ontdek jouw persoonlijke stijl bij ons","potentialAction":[{"@type":"SearchAction","target":{"@type":"EntryPoint","urlTemplate":"https:\/\/articles-cafe.com\/?s={search_term_string}"},"query-input":"required name=search_term_string"}],"inLanguage":"ro-RO"},{"@type":"Person","@id":"https:\/\/articles-cafe.com\/#\/schema\/person\/392a6ece16915b4df211afec736aa073","name":"Annelore de Ruiter","image":{"@type":"ImageObject","inLanguage":"ro-RO","@id":"https:\/\/articles-cafe.com\/#\/schema\/person\/image\/","url":"https:\/\/articles-cafe.com\/wp-content\/uploads\/annelore-de-ruiter_avatar-96x96.jpg","contentUrl":"https:\/\/articles-cafe.com\/wp-content\/uploads\/annelore-de-ruiter_avatar-96x96.jpg","caption":"Annelore de Ruiter"},"description":"Annelore de Ruiter is een modeadviseur en stylist, afgestudeerd aan de modeacademie in Rotterdam. Ze heeft ervaring met diverse klanten en werkt samen met merken en ontwerpers om tijdloze, maar trendy looks te cre\u00ebren.","url":"https:\/\/articles-cafe.com\/ro\/author\/annelore-de-ruiter\/"}]}},"yoast_meta":{"yoast_wpseo_title":"","yoast_wpseo_metadesc":"","yoast_wpseo_canonical":"https:\/\/articles-cafe.com\/ro\/wp-json\/wp\/v2\/posts\/157"},"_links":{"self":[{"href":"https:\/\/articles-cafe.com\/ro\/wp-json\/wp\/v2\/posts\/157","targetHints":{"allow":["GET"]}}],"collection":[{"href":"https:\/\/articles-cafe.com\/ro\/wp-json\/wp\/v2\/posts"}],"about":[{"href":"https:\/\/articles-cafe.com\/ro\/wp-json\/wp\/v2\/types\/post"}],"author":[{"embeddable":true,"href":"https:\/\/articles-cafe.com\/ro\/wp-json\/wp\/v2\/users\/2"}],"replies":[{"embeddable":true,"href":"https:\/\/articles-cafe.com\/ro\/wp-json\/wp\/v2\/comments?post=157"}],"version-history":[{"count":2,"href":"https:\/\/articles-cafe.com\/ro\/wp-json\/wp\/v2\/posts\/157\/revisions"}],"predecessor-version":[{"id":170,"href":"https:\/\/articles-cafe.com\/ro\/wp-json\/wp\/v2\/posts\/157\/revisions\/170"}],"wp:featuredmedia":[{"embeddable":true,"href":"https:\/\/articles-cafe.com\/ro\/wp-json\/wp\/v2\/media\/129"}],"wp:attachment":[{"href":"https:\/\/articles-cafe.com\/ro\/wp-json\/wp\/v2\/media?parent=157"}],"wp:term":[{"taxonomy":"category","embeddable":true,"href":"https:\/\/articles-cafe.com\/ro\/wp-json\/wp\/v2\/categories?post=157"},{"taxonomy":"post_tag","embeddable":true,"href":"https:\/\/articles-cafe.com\/ro\/wp-json\/wp\/v2\/tags?post=157"}],"curies":[{"name":"wp","href":"https:\/\/api.w.org\/{rel}","templated":true}]}}