{"id":151,"date":"2025-03-22T00:00:00","date_gmt":"2025-03-22T00:00:00","guid":{"rendered":"https:\/\/articles-cafe.com\/?p=151"},"modified":"2025-04-02T12:42:55","modified_gmt":"2025-04-02T11:42:55","slug":"de-terugkeer-van-de-korte-rok-modetrends-2025","status":"publish","type":"post","link":"https:\/\/articles-cafe.com\/ro\/de-terugkeer-van-de-korte-rok-modetrends-2025\/","title":{"rendered":"Revenirea fustei scurte: tendin\u021be \u00een mod\u0103 2025"},"content":{"rendered":"<div class=\"kk-star-ratings kksr-auto kksr-align-left kksr-valign-top\"\n    data-payload='{&quot;align&quot;:&quot;left&quot;,&quot;id&quot;:&quot;151&quot;,&quot;slug&quot;:&quot;default&quot;,&quot;valign&quot;:&quot;top&quot;,&quot;ignore&quot;:&quot;&quot;,&quot;reference&quot;:&quot;auto&quot;,&quot;class&quot;:&quot;&quot;,&quot;count&quot;:&quot;0&quot;,&quot;legendonly&quot;:&quot;&quot;,&quot;readonly&quot;:&quot;&quot;,&quot;score&quot;:&quot;0&quot;,&quot;starsonly&quot;:&quot;&quot;,&quot;best&quot;:&quot;5&quot;,&quot;gap&quot;:&quot;5&quot;,&quot;greet&quot;:&quot;Rate this post&quot;,&quot;legend&quot;:&quot;0\\\/5 - (0 votes)&quot;,&quot;size&quot;:&quot;24&quot;,&quot;title&quot;:&quot;De terugkeer van de korte rok: modetrends 2025&quot;,&quot;width&quot;:&quot;0&quot;,&quot;_legend&quot;:&quot;{score}\\\/{best} - ({count} {votes})&quot;,&quot;font_factor&quot;:&quot;1.25&quot;}'>\n            \n<div class=\"kksr-stars\">\n    \n<div class=\"kksr-stars-inactive\">\n            <div class=\"kksr-star\" data-star=\"1\" style=\"padding-right: 5px\">\n            \n\n<div class=\"kksr-icon\" style=\"width: 24px; height: 24px;\"><\/div>\n        <\/div>\n            <div class=\"kksr-star\" data-star=\"2\" style=\"padding-right: 5px\">\n            \n\n<div class=\"kksr-icon\" style=\"width: 24px; height: 24px;\"><\/div>\n        <\/div>\n            <div class=\"kksr-star\" data-star=\"3\" style=\"padding-right: 5px\">\n            \n\n<div class=\"kksr-icon\" style=\"width: 24px; height: 24px;\"><\/div>\n        <\/div>\n            <div class=\"kksr-star\" data-star=\"4\" style=\"padding-right: 5px\">\n            \n\n<div class=\"kksr-icon\" style=\"width: 24px; height: 24px;\"><\/div>\n        <\/div>\n            <div class=\"kksr-star\" data-star=\"5\" style=\"padding-right: 5px\">\n            \n\n<div class=\"kksr-icon\" style=\"width: 24px; height: 24px;\"><\/div>\n        <\/div>\n    <\/div>\n    \n<div class=\"kksr-stars-active\" style=\"width: 0px;\">\n            <div class=\"kksr-star\" style=\"padding-right: 5px\">\n            \n\n<div class=\"kksr-icon\" style=\"width: 24px; height: 24px;\"><\/div>\n        <\/div>\n            <div class=\"kksr-star\" style=\"padding-right: 5px\">\n            \n\n<div class=\"kksr-icon\" style=\"width: 24px; height: 24px;\"><\/div>\n        <\/div>\n            <div class=\"kksr-star\" style=\"padding-right: 5px\">\n            \n\n<div class=\"kksr-icon\" style=\"width: 24px; height: 24px;\"><\/div>\n        <\/div>\n            <div class=\"kksr-star\" style=\"padding-right: 5px\">\n            \n\n<div class=\"kksr-icon\" style=\"width: 24px; height: 24px;\"><\/div>\n        <\/div>\n            <div class=\"kksr-star\" style=\"padding-right: 5px\">\n            \n\n<div class=\"kksr-icon\" style=\"width: 24px; height: 24px;\"><\/div>\n        <\/div>\n    <\/div>\n<\/div>\n                \n\n<div class=\"kksr-legend\" style=\"font-size: 19.2px;\">\n            <span class=\"kksr-muted\">Evalueaz\u0103 aceast\u0103 postare<\/span>\n    <\/div>\n    <\/div>\n<p>Lumea modei este dinamic\u0103 \u0219i ne surprinde mereu. \u00cen 2025, vom asista la apari\u021bia unei tendin\u021be izbitoare: fusta scurt\u0103 revine \u00een for\u021b\u0103, \u0219i cu mare for\u021b\u0103. Acest clasic atemporal are capacitatea de a oferi fiec\u0103rei \u021binute o not\u0103 unic\u0103. \u00cen acest text, nu vom explora doar diferitele stiluri de fuste scurte, ci \u0219i cum s\u0103 le combin\u0103m \u0219i ce rol joac\u0103 sustenabilitatea \u00een acest sens. Fie c\u0103 e\u0219ti un fanatic al modei sau doar curios despre cele mai recente tendin\u021be, acest ghid \u00ee\u021bi va oferi tot ce trebuie s\u0103 \u0219tii despre fusta scurt\u0103 a anului 2025. Hai s\u0103 descoperim \u00eempreun\u0103 aceast\u0103 evolu\u021bie interesant\u0103 a modei.<\/p>\n<h2>Istoria fustei scurte<\/h2>\n<p><img decoding=\"async\" alt=\"Een vrouw in een zwart pak loopt zelfverzekerd door een moderne kantoorruimte met planten en meubels.\" src=\"https:\/\/articles-cafe.com\/wp-content\/uploads\/imageea13676c9d734073b90a10048631f988.png\"\/><\/p>\n<p>Fusta scurt\u0103 are o istorie fascinant\u0103 care ne duce \u00eenapoi \u00een anii 1960. A fost o perioad\u0103 \u00een care femeile luptau pentru egalitate \u0219i libertate, iar fusta scurt\u0103 a devenit simbolul acestei mi\u0219c\u0103ri. De-a lungul deceniilor, fusta scurt\u0103 a c\u0103p\u0103tat numeroase stiluri \u0219i forme, de la fust\u0103 mini la modelele sport. \u00cen fiecare perioad\u0103, piesa vestimentar\u0103 a oferit noi modalit\u0103\u021bi de exprimare. Acum, a venit momentul ca o nou\u0103 genera\u021bie s\u0103 \u00eembr\u0103\u021bi\u0219eze din nou acest clasic. Revenirea fustei scurte \u00een 2025 este at\u00e2t un omagiu adus trecutului, c\u00e2t \u0219i o celebrare a modei contemporane.<\/p>\n<h2>Stiluri populare \u00een 2025<\/h2>\n<p><img decoding=\"async\" alt=\"Vijf vrouwen in feestkleding lachen en proosten met drankjes in een levendige bar met sfeervolle verlichting.\" src=\"https:\/\/articles-cafe.com\/wp-content\/uploads\/imaged529a6834dd24e9b8c567779ac228578.png\"\/><\/p>\n<p>\u00cen 2025, vom vedea o gam\u0103 larg\u0103 de stiluri care caracterizeaz\u0103 fusta scurt\u0103. Diversitatea faciliteaz\u0103 g\u0103sirea unui model care se potrive\u0219te personalit\u0103\u021bii \u0219i stilului t\u0103u. De la casual \u0219i sport la elegant \u0219i business, posibilit\u0103\u021bile sunt nelimitate. Hai s\u0103 explor\u0103m c\u00e2teva dintre cele mai populare stiluri.<\/p>\n<ul>\n<li>Casual \u0219i Sportiv<\/li>\n<li>Elegant \u0219i profesional<\/li>\n<li>\u021ainute de sear\u0103<\/li>\n<\/ul>\n<table border=\"1\">\n<tr>\n<th>Stil<\/th>\n<th>Caracteristici<\/th>\n<th>Ocazie<\/th>\n<\/tr>\n<tr>\n<td>Casual \u0219i Sportiv<\/td>\n<td>Denim sau materiale u\u0219oare, croial\u0103 lejer\u0103<\/td>\n<td>Ie\u0219iri zilnice, evenimente ocazionale<\/td>\n<\/tr>\n<tr>\n<td>Elegant \u0219i profesional<\/td>\n<td>Croial\u0103 mai str\u00e2mt\u0103, materiale elegante<\/td>\n<td>Locuri de munc\u0103, ocazii formale<\/td>\n<\/tr>\n<tr>\n<td>\u021ainute de sear\u0103<\/td>\n<td>Materiale str\u0103lucitoare, imprimeuri izbitoare<\/td>\n<td>Petreceri, ie\u0219iri de sear\u0103<\/td>\n<\/tr>\n<\/table>\n<p>Stilul casual \u0219i sport este ideal pentru un look relaxat, perfect pentru activit\u0103\u021bile de zi cu zi. Elegant \u0219i business este alegerea ideal\u0103 pentru serviciu \u0219i evenimente formale, cu accent pe fine\u021be \u0219i profesionalism. \u00cen cele din urm\u0103, \u021binuta de sear\u0103 este un adev\u0103rat spectacol, unde fusta scurt\u0103 str\u0103luce\u0219te \u00een \u021bes\u0103turi str\u0103lucitoare \u0219i imprimeuri \u00eendr\u0103zne\u021be. Acum c\u0103 \u00een\u021belegem diferitele stiluri de fust\u0103 scurt\u0103, haide\u021bi s\u0103 vedem cum s\u0103 le combin\u0103m cel mai bine.<\/p>\n<h2>Cum s\u0103 combini fusta scurt\u0103<\/h2>\n<p>O fust\u0103 scurt\u0103 poate fi versatil\u0103, \u00een func\u021bie de stilul \u00een care o por\u021bi. Alegerea topurilor, pantofilor \u0219i accesoriilor potrivite este esen\u021bial\u0103. Iat\u0103 c\u00e2teva sfaturi pentru a crea \u021binuta perfect\u0103 cu o fust\u0103 scurt\u0103.<\/p>\n<ul>\n<li><strong>Topuri:<\/strong> Tricouri, bluze sau topuri scurte.<\/li>\n<li><strong>Alegerea pantofilor:<\/strong> Teni\u0219i pentru un look casual sau pantofi cu toc pentru un look \u0219ic.<\/li>\n<li><strong>Accesorii:<\/strong> Opteaz\u0103 pentru bijuterii atr\u0103g\u0103toare \u0219i o geant\u0103 la mod\u0103.<\/li>\n<\/ul>\n<p>Combin\u00e2nd culoarea \u0219i textura, po\u021bi personaliza \u0219i mai mult \u021binuta. De exemplu, o fust\u0103 neagr\u0103 simpl\u0103 poate fi combinat\u0103 frumos cu un top str\u0103lucitor. De asemenea, g\u00e2nde\u0219te-te s\u0103 te joci cu straturile; un blazer poate face aspectul mai business. Pozi\u021bioneaz\u0103-\u021bi accesoriile cu grij\u0103 pentru a atrage aten\u021bia asupra elementelor potrivite ale \u021binutei tale.<\/p>\n<h2>Rolul sustenabilit\u0103\u021bii \u00een mod\u0103<\/h2>\n<p>\u00cen moda actual\u0103, exist\u0103 o concentrare tot mai mare pe sustenabilitate. Revenirea fustei scurte \u00een 2025 merge m\u00e2n\u0103 \u00een m\u00e2n\u0103 cu o mi\u0219care c\u0103tre o mod\u0103 sustenabil\u0103. Brandurile opteaz\u0103 din ce \u00een ce mai mult pentru materiale ecologice, cum ar fi bumbacul organic \u0219i poliesterul reciclat. Acest lucru nu numai c\u0103 ajut\u0103 mediul \u00eenconjur\u0103tor, dar atrage \u0219i consumatorul con\u0219tient de mediu. Moda sustenabil\u0103 nu mai este o tendin\u021b\u0103, ci o necesitate. Drept urmare, fusta scurt\u0103 nu numai c\u0103 revine \u00een for\u021b\u0103, dar o face \u0219i \u00eentr-un mod responsabil.<\/p>\n<h2>Concluzie<\/h2>\n<p>Fusta scurt\u0103 revine \u00een for\u021b\u0103 \u00een 2025, cu o multitudine de stiluri \u0219i sugestii de combinare. Fie c\u0103 optezi pentru un look casual, o \u021binut\u0103 business sau ceva pentru o ie\u0219ire \u00een ora\u0219, fusta scurt\u0103 ofer\u0103 c\u00e2te ceva pentru fiecare. Acord\u00e2nd aten\u021bie sustenabilit\u0103\u021bii, lumea modei r\u0103m\u00e2ne relevant\u0103, iar noi ne putem bucura de aceast\u0103 tendin\u021b\u0103 f\u0103r\u0103 a d\u0103una planetei. Prin urmare, fusta scurt\u0103 a anului 2025 nu este doar o alegere la mod\u0103, ci \u0219i una con\u0219tient\u0103. Preg\u0103te\u0219te-te s\u0103 adaugi acest stil versatil \u00een garderoba ta!<\/p>\n<h2>\u00centreb\u0103ri frecvente<\/h2>\n<ul>\n<li><strong>Care sunt cele mai populare stiluri de fuste scurte pentru 2025?<\/strong>\n<ul>\n<li>Casual \u0219i sportiv<\/li>\n<li>Elegant \u0219i practic<\/li>\n<li>\u021ainute de sear\u0103 cu materiale str\u0103lucitoare<\/li>\n<\/ul>\n<\/li>\n<li><strong>Care este cel mai bun mod de a combina o fust\u0103 scurt\u0103?<\/strong>\n<ul>\n<li>Cu tricouri, bluze sau topuri scurte<\/li>\n<li>Teni\u0219i sau pantofi cu toc, \u00een func\u021bie de ocazie<\/li>\n<li>Accesorii atractive pentru a-\u021bi completa \u021binuta<\/li>\n<\/ul>\n<\/li>\n<li><strong>Care este impactul sustenabilit\u0103\u021bii asupra tendin\u021belor modei?<\/strong>\n<ul>\n<li>Sustenabilitatea joac\u0103 un rol vital \u00een mod\u0103 \u00een 2025, brandurile opt\u00e2nd pentru materiale ecologice \u0219i procese de produc\u021bie etice.<\/li>\n<\/ul>\n<\/li>\n<li><strong>Este fusta scurt\u0103 potrivit\u0103 pentru orice ocazie?<\/strong>\n<ul>\n<li>Da, fusta scurt\u0103 poate fi adaptat\u0103 pentru diferite ocazii, de la ie\u0219iri casual la evenimente business sau festive.<\/li>\n<\/ul>\n<\/li>\n<\/ul>","protected":false},"excerpt":{"rendered":"<p>Lumea modei este dinamic\u0103 \u0219i ne surprinde mereu. \u00cen 2025 vom vedea o tendin\u021b\u0103 izbitoare: fusta scurt\u0103 revine \u00een for\u021b\u0103, \u0219i cu mare succes...<\/p>","protected":false},"author":2,"featured_media":140,"comment_status":"closed","ping_status":"closed","sticky":false,"template":"","format":"standard","meta":{"_acf_changed":false,"footnotes":""},"categories":[1],"tags":[],"class_list":["post-151","post","type-post","status-publish","format-standard","has-post-thumbnail","hentry","category-bloggen"],"acf":[],"yoast_head":"<!-- This site is optimized with the Yoast SEO plugin v23.2 - https:\/\/yoast.com\/wordpress\/plugins\/seo\/ -->\n<title>De korte rok maakt een comeback: Ontdek de modetrends van 2025<\/title>\n<meta name=\"description\" content=\"Ontdek de terugkeer van de korte rok in 2025, inclusief stijlen, combinatietips en duurzame mode-initiatieven.\" \/>\n<meta name=\"robots\" content=\"index, follow, max-snippet:-1, max-image-preview:large, max-video-preview:-1\" \/>\n<link rel=\"canonical\" href=\"https:\/\/articles-cafe.com\/ro\/de-terugkeer-van-de-korte-rok-modetrends-2025\/\" \/>\n<meta property=\"og:locale\" content=\"ro_RO\" \/>\n<meta property=\"og:type\" content=\"article\" \/>\n<meta property=\"og:title\" content=\"De korte rok maakt een comeback: Ontdek de modetrends van 2025\" \/>\n<meta property=\"og:description\" content=\"Ontdek de terugkeer van de korte rok in 2025, inclusief stijlen, combinatietips en duurzame mode-initiatieven.\" \/>\n<meta property=\"og:url\" content=\"https:\/\/articles-cafe.com\/ro\/de-terugkeer-van-de-korte-rok-modetrends-2025\/\" \/>\n<meta property=\"og:site_name\" content=\"articles-cafe.com\" \/>\n<meta property=\"article:published_time\" content=\"2025-03-22T00:00:00+00:00\" \/>\n<meta property=\"article:modified_time\" content=\"2025-04-02T11:42:55+00:00\" \/>\n<meta property=\"og:image\" content=\"https:\/\/articles-cafe.com\/wp-content\/uploads\/image62a1174dd2014afc89730c58726f275d.png\" \/>\n\t<meta property=\"og:image:width\" content=\"1024\" \/>\n\t<meta property=\"og:image:height\" content=\"768\" \/>\n\t<meta property=\"og:image:type\" content=\"image\/png\" \/>\n<meta name=\"author\" content=\"Annelore de Ruiter\" \/>\n<meta name=\"twitter:card\" content=\"summary_large_image\" \/>\n<meta name=\"twitter:label1\" content=\"Scris de\" \/>\n\t<meta name=\"twitter:data1\" content=\"Annelore de Ruiter\" \/>\n\t<meta name=\"twitter:label2\" content=\"Timp estimat pentru citire\" \/>\n\t<meta name=\"twitter:data2\" content=\"4 minute\" \/>\n<script type=\"application\/ld+json\" class=\"yoast-schema-graph\">{\"@context\":\"https:\/\/schema.org\",\"@graph\":[{\"@type\":\"WebPage\",\"@id\":\"https:\/\/articles-cafe.com\/de-terugkeer-van-de-korte-rok-modetrends-2025\/\",\"url\":\"https:\/\/articles-cafe.com\/de-terugkeer-van-de-korte-rok-modetrends-2025\/\",\"name\":\"De korte rok maakt een comeback: Ontdek de modetrends van 2025\",\"isPartOf\":{\"@id\":\"https:\/\/articles-cafe.com\/#website\"},\"primaryImageOfPage\":{\"@id\":\"https:\/\/articles-cafe.com\/de-terugkeer-van-de-korte-rok-modetrends-2025\/#primaryimage\"},\"image\":{\"@id\":\"https:\/\/articles-cafe.com\/de-terugkeer-van-de-korte-rok-modetrends-2025\/#primaryimage\"},\"thumbnailUrl\":\"https:\/\/articles-cafe.com\/wp-content\/uploads\/image62a1174dd2014afc89730c58726f275d.png\",\"datePublished\":\"2025-03-22T00:00:00+00:00\",\"dateModified\":\"2025-04-02T11:42:55+00:00\",\"author\":{\"@id\":\"https:\/\/articles-cafe.com\/#\/schema\/person\/392a6ece16915b4df211afec736aa073\"},\"description\":\"Ontdek de terugkeer van de korte rok in 2025, inclusief stijlen, combinatietips en duurzame mode-initiatieven.\",\"breadcrumb\":{\"@id\":\"https:\/\/articles-cafe.com\/de-terugkeer-van-de-korte-rok-modetrends-2025\/#breadcrumb\"},\"inLanguage\":\"ro-RO\",\"potentialAction\":[{\"@type\":\"ReadAction\",\"target\":[\"https:\/\/articles-cafe.com\/de-terugkeer-van-de-korte-rok-modetrends-2025\/\"]}]},{\"@type\":\"ImageObject\",\"inLanguage\":\"ro-RO\",\"@id\":\"https:\/\/articles-cafe.com\/de-terugkeer-van-de-korte-rok-modetrends-2025\/#primaryimage\",\"url\":\"https:\/\/articles-cafe.com\/wp-content\/uploads\/image62a1174dd2014afc89730c58726f275d.png\",\"contentUrl\":\"https:\/\/articles-cafe.com\/wp-content\/uploads\/image62a1174dd2014afc89730c58726f275d.png\",\"width\":1024,\"height\":768},{\"@type\":\"BreadcrumbList\",\"@id\":\"https:\/\/articles-cafe.com\/de-terugkeer-van-de-korte-rok-modetrends-2025\/#breadcrumb\",\"itemListElement\":[{\"@type\":\"ListItem\",\"position\":1,\"name\":\"Home\",\"item\":\"https:\/\/articles-cafe.com\/\"},{\"@type\":\"ListItem\",\"position\":2,\"name\":\"De terugkeer van de korte rok: modetrends 2025\"}]},{\"@type\":\"WebSite\",\"@id\":\"https:\/\/articles-cafe.com\/#website\",\"url\":\"https:\/\/articles-cafe.com\/\",\"name\":\"articles-cafe.com\",\"description\":\"Ontdek jouw persoonlijke stijl bij ons\",\"potentialAction\":[{\"@type\":\"SearchAction\",\"target\":{\"@type\":\"EntryPoint\",\"urlTemplate\":\"https:\/\/articles-cafe.com\/?s={search_term_string}\"},\"query-input\":\"required name=search_term_string\"}],\"inLanguage\":\"ro-RO\"},{\"@type\":\"Person\",\"@id\":\"https:\/\/articles-cafe.com\/#\/schema\/person\/392a6ece16915b4df211afec736aa073\",\"name\":\"Annelore de Ruiter\",\"image\":{\"@type\":\"ImageObject\",\"inLanguage\":\"ro-RO\",\"@id\":\"https:\/\/articles-cafe.com\/#\/schema\/person\/image\/\",\"url\":\"https:\/\/articles-cafe.com\/wp-content\/uploads\/annelore-de-ruiter_avatar-96x96.jpg\",\"contentUrl\":\"https:\/\/articles-cafe.com\/wp-content\/uploads\/annelore-de-ruiter_avatar-96x96.jpg\",\"caption\":\"Annelore de Ruiter\"},\"description\":\"Annelore de Ruiter is een modeadviseur en stylist, afgestudeerd aan de modeacademie in Rotterdam. Ze heeft ervaring met diverse klanten en werkt samen met merken en ontwerpers om tijdloze, maar trendy looks te cre\u00ebren.\",\"url\":\"https:\/\/articles-cafe.com\/ro\/author\/annelore-de-ruiter\/\"}]}<\/script>\n<!-- \/ Yoast SEO plugin. -->","yoast_head_json":{"title":"De korte rok maakt een comeback: Ontdek de modetrends van 2025","description":"Ontdek de terugkeer van de korte rok in 2025, inclusief stijlen, combinatietips en duurzame mode-initiatieven.","robots":{"index":"index","follow":"follow","max-snippet":"max-snippet:-1","max-image-preview":"max-image-preview:large","max-video-preview":"max-video-preview:-1"},"canonical":"https:\/\/articles-cafe.com\/ro\/de-terugkeer-van-de-korte-rok-modetrends-2025\/","og_locale":"ro_RO","og_type":"article","og_title":"De korte rok maakt een comeback: Ontdek de modetrends van 2025","og_description":"Ontdek de terugkeer van de korte rok in 2025, inclusief stijlen, combinatietips en duurzame mode-initiatieven.","og_url":"https:\/\/articles-cafe.com\/ro\/de-terugkeer-van-de-korte-rok-modetrends-2025\/","og_site_name":"articles-cafe.com","article_published_time":"2025-03-22T00:00:00+00:00","article_modified_time":"2025-04-02T11:42:55+00:00","og_image":[{"width":1024,"height":768,"url":"https:\/\/articles-cafe.com\/wp-content\/uploads\/image62a1174dd2014afc89730c58726f275d.png","type":"image\/png"}],"author":"Annelore de Ruiter","twitter_card":"summary_large_image","twitter_misc":{"Scris de":"Annelore de Ruiter","Timp estimat pentru citire":"4 minute"},"schema":{"@context":"https:\/\/schema.org","@graph":[{"@type":"WebPage","@id":"https:\/\/articles-cafe.com\/de-terugkeer-van-de-korte-rok-modetrends-2025\/","url":"https:\/\/articles-cafe.com\/de-terugkeer-van-de-korte-rok-modetrends-2025\/","name":"De korte rok maakt een comeback: Ontdek de modetrends van 2025","isPartOf":{"@id":"https:\/\/articles-cafe.com\/#website"},"primaryImageOfPage":{"@id":"https:\/\/articles-cafe.com\/de-terugkeer-van-de-korte-rok-modetrends-2025\/#primaryimage"},"image":{"@id":"https:\/\/articles-cafe.com\/de-terugkeer-van-de-korte-rok-modetrends-2025\/#primaryimage"},"thumbnailUrl":"https:\/\/articles-cafe.com\/wp-content\/uploads\/image62a1174dd2014afc89730c58726f275d.png","datePublished":"2025-03-22T00:00:00+00:00","dateModified":"2025-04-02T11:42:55+00:00","author":{"@id":"https:\/\/articles-cafe.com\/#\/schema\/person\/392a6ece16915b4df211afec736aa073"},"description":"Ontdek de terugkeer van de korte rok in 2025, inclusief stijlen, combinatietips en duurzame mode-initiatieven.","breadcrumb":{"@id":"https:\/\/articles-cafe.com\/de-terugkeer-van-de-korte-rok-modetrends-2025\/#breadcrumb"},"inLanguage":"ro-RO","potentialAction":[{"@type":"ReadAction","target":["https:\/\/articles-cafe.com\/de-terugkeer-van-de-korte-rok-modetrends-2025\/"]}]},{"@type":"ImageObject","inLanguage":"ro-RO","@id":"https:\/\/articles-cafe.com\/de-terugkeer-van-de-korte-rok-modetrends-2025\/#primaryimage","url":"https:\/\/articles-cafe.com\/wp-content\/uploads\/image62a1174dd2014afc89730c58726f275d.png","contentUrl":"https:\/\/articles-cafe.com\/wp-content\/uploads\/image62a1174dd2014afc89730c58726f275d.png","width":1024,"height":768},{"@type":"BreadcrumbList","@id":"https:\/\/articles-cafe.com\/de-terugkeer-van-de-korte-rok-modetrends-2025\/#breadcrumb","itemListElement":[{"@type":"ListItem","position":1,"name":"Home","item":"https:\/\/articles-cafe.com\/"},{"@type":"ListItem","position":2,"name":"De terugkeer van de korte rok: modetrends 2025"}]},{"@type":"WebSite","@id":"https:\/\/articles-cafe.com\/#website","url":"https:\/\/articles-cafe.com\/","name":"articles-cafe.com","description":"Ontdek jouw persoonlijke stijl bij ons","potentialAction":[{"@type":"SearchAction","target":{"@type":"EntryPoint","urlTemplate":"https:\/\/articles-cafe.com\/?s={search_term_string}"},"query-input":"required name=search_term_string"}],"inLanguage":"ro-RO"},{"@type":"Person","@id":"https:\/\/articles-cafe.com\/#\/schema\/person\/392a6ece16915b4df211afec736aa073","name":"Annelore de Ruiter","image":{"@type":"ImageObject","inLanguage":"ro-RO","@id":"https:\/\/articles-cafe.com\/#\/schema\/person\/image\/","url":"https:\/\/articles-cafe.com\/wp-content\/uploads\/annelore-de-ruiter_avatar-96x96.jpg","contentUrl":"https:\/\/articles-cafe.com\/wp-content\/uploads\/annelore-de-ruiter_avatar-96x96.jpg","caption":"Annelore de Ruiter"},"description":"Annelore de Ruiter is een modeadviseur en stylist, afgestudeerd aan de modeacademie in Rotterdam. Ze heeft ervaring met diverse klanten en werkt samen met merken en ontwerpers om tijdloze, maar trendy looks te cre\u00ebren.","url":"https:\/\/articles-cafe.com\/ro\/author\/annelore-de-ruiter\/"}]}},"yoast_meta":{"yoast_wpseo_title":"","yoast_wpseo_metadesc":"","yoast_wpseo_canonical":"https:\/\/articles-cafe.com\/ro\/wp-json\/wp\/v2\/posts\/151"},"_links":{"self":[{"href":"https:\/\/articles-cafe.com\/ro\/wp-json\/wp\/v2\/posts\/151","targetHints":{"allow":["GET"]}}],"collection":[{"href":"https:\/\/articles-cafe.com\/ro\/wp-json\/wp\/v2\/posts"}],"about":[{"href":"https:\/\/articles-cafe.com\/ro\/wp-json\/wp\/v2\/types\/post"}],"author":[{"embeddable":true,"href":"https:\/\/articles-cafe.com\/ro\/wp-json\/wp\/v2\/users\/2"}],"replies":[{"embeddable":true,"href":"https:\/\/articles-cafe.com\/ro\/wp-json\/wp\/v2\/comments?post=151"}],"version-history":[{"count":2,"href":"https:\/\/articles-cafe.com\/ro\/wp-json\/wp\/v2\/posts\/151\/revisions"}],"predecessor-version":[{"id":171,"href":"https:\/\/articles-cafe.com\/ro\/wp-json\/wp\/v2\/posts\/151\/revisions\/171"}],"wp:featuredmedia":[{"embeddable":true,"href":"https:\/\/articles-cafe.com\/ro\/wp-json\/wp\/v2\/media\/140"}],"wp:attachment":[{"href":"https:\/\/articles-cafe.com\/ro\/wp-json\/wp\/v2\/media?parent=151"}],"wp:term":[{"taxonomy":"category","embeddable":true,"href":"https:\/\/articles-cafe.com\/ro\/wp-json\/wp\/v2\/categories?post=151"},{"taxonomy":"post_tag","embeddable":true,"href":"https:\/\/articles-cafe.com\/ro\/wp-json\/wp\/v2\/tags?post=151"}],"curies":[{"name":"wp","href":"https:\/\/api.w.org\/{rel}","templated":true}]}}