{"id":107,"date":"2025-02-22T00:00:00","date_gmt":"2025-02-22T00:00:00","guid":{"rendered":"https:\/\/articles-cafe.com\/?p=107"},"modified":"2025-04-02T12:42:55","modified_gmt":"2025-04-02T11:42:55","slug":"de-ultieme-gids-voor-het-dragen-van-een-lange-spijkerrok-in-de-zomer","status":"publish","type":"post","link":"https:\/\/articles-cafe.com\/ro\/de-ultieme-gids-voor-het-dragen-van-een-lange-spijkerrok-in-de-zomer\/","title":{"rendered":"Ghidul complet pentru a purta o fust\u0103 lung\u0103 din denim vara"},"content":{"rendered":"<div class=\"kk-star-ratings kksr-auto kksr-align-left kksr-valign-top\"\n    data-payload='{&quot;align&quot;:&quot;left&quot;,&quot;id&quot;:&quot;107&quot;,&quot;slug&quot;:&quot;default&quot;,&quot;valign&quot;:&quot;top&quot;,&quot;ignore&quot;:&quot;&quot;,&quot;reference&quot;:&quot;auto&quot;,&quot;class&quot;:&quot;&quot;,&quot;count&quot;:&quot;0&quot;,&quot;legendonly&quot;:&quot;&quot;,&quot;readonly&quot;:&quot;&quot;,&quot;score&quot;:&quot;0&quot;,&quot;starsonly&quot;:&quot;&quot;,&quot;best&quot;:&quot;5&quot;,&quot;gap&quot;:&quot;5&quot;,&quot;greet&quot;:&quot;Rate this post&quot;,&quot;legend&quot;:&quot;0\\\/5 - (0 votes)&quot;,&quot;size&quot;:&quot;24&quot;,&quot;title&quot;:&quot;De ultieme gids voor het dragen van een lange spijkerrok in de zomer&quot;,&quot;width&quot;:&quot;0&quot;,&quot;_legend&quot;:&quot;{score}\\\/{best} - ({count} {votes})&quot;,&quot;font_factor&quot;:&quot;1.25&quot;}'>\n            \n<div class=\"kksr-stars\">\n    \n<div class=\"kksr-stars-inactive\">\n            <div class=\"kksr-star\" data-star=\"1\" style=\"padding-right: 5px\">\n            \n\n<div class=\"kksr-icon\" style=\"width: 24px; height: 24px;\"><\/div>\n        <\/div>\n            <div class=\"kksr-star\" data-star=\"2\" style=\"padding-right: 5px\">\n            \n\n<div class=\"kksr-icon\" style=\"width: 24px; height: 24px;\"><\/div>\n        <\/div>\n            <div class=\"kksr-star\" data-star=\"3\" style=\"padding-right: 5px\">\n            \n\n<div class=\"kksr-icon\" style=\"width: 24px; height: 24px;\"><\/div>\n        <\/div>\n            <div class=\"kksr-star\" data-star=\"4\" style=\"padding-right: 5px\">\n            \n\n<div class=\"kksr-icon\" style=\"width: 24px; height: 24px;\"><\/div>\n        <\/div>\n            <div class=\"kksr-star\" data-star=\"5\" style=\"padding-right: 5px\">\n            \n\n<div class=\"kksr-icon\" style=\"width: 24px; height: 24px;\"><\/div>\n        <\/div>\n    <\/div>\n    \n<div class=\"kksr-stars-active\" style=\"width: 0px;\">\n            <div class=\"kksr-star\" style=\"padding-right: 5px\">\n            \n\n<div class=\"kksr-icon\" style=\"width: 24px; height: 24px;\"><\/div>\n        <\/div>\n            <div class=\"kksr-star\" style=\"padding-right: 5px\">\n            \n\n<div class=\"kksr-icon\" style=\"width: 24px; height: 24px;\"><\/div>\n        <\/div>\n            <div class=\"kksr-star\" style=\"padding-right: 5px\">\n            \n\n<div class=\"kksr-icon\" style=\"width: 24px; height: 24px;\"><\/div>\n        <\/div>\n            <div class=\"kksr-star\" style=\"padding-right: 5px\">\n            \n\n<div class=\"kksr-icon\" style=\"width: 24px; height: 24px;\"><\/div>\n        <\/div>\n            <div class=\"kksr-star\" style=\"padding-right: 5px\">\n            \n\n<div class=\"kksr-icon\" style=\"width: 24px; height: 24px;\"><\/div>\n        <\/div>\n    <\/div>\n<\/div>\n                \n\n<div class=\"kksr-legend\" style=\"font-size: 19.2px;\">\n            <span class=\"kksr-muted\">Evalueaz\u0103 aceast\u0103 postare<\/span>\n    <\/div>\n    <\/div>\n<p>Fustele lungi din denim sunt un must-have de var\u0103 \u0219i au revenit \u00een for\u021b\u0103 \u00een ultimii ani. Acestea combin\u0103 stilul cu confortul \u0219i ofer\u0103 posibilit\u0103\u021bi nesf\u00e2r\u0219ite de a-\u021bi exprima personalitatea. Fie c\u0103 \u00ee\u021bi dore\u0219ti un look casual pentru o zi \u00een parc sau ceva mai \u0219ic pentru o petrecere de var\u0103, o fust\u0103 lung\u0103 din denim poate fi alegerea potrivit\u0103 \u00een orice situa\u021bie. \u00cen acest articol, vom aprofunda cum s\u0103 stilizezi aceast\u0103 fust\u0103 versatil\u0103, cu ce s\u0103 o por\u021bi \u0219i la ce s\u0103 fii atent \u00een alegerile tale vestimentare. Preg\u0103te\u0219te-te pentru o c\u0103l\u0103torie inspirat\u0103 prin lumea denimului vara!<\/p>\n<h2>De ce s\u0103 alegi o fust\u0103 lung\u0103 din denim vara?<\/h2>\n<p><img decoding=\"async\" alt=\"Een vrouw in een denim jurk staat bij een tafel vol bloemen, verlicht door sfeervolle lampen, buiten op een feest.\" src=\"https:\/\/articles-cafe.com\/wp-content\/uploads\/imaged5a1b71c01be4ffb92f9c0f3b5e983f5.png\"\/> <\/p>\n<p>Fustele lungi din denim ofer\u0103 confort \u0219i respirabilitate, ideale pentru lunile calde de var\u0103. Utilizarea denimului asigur\u0103 c\u0103 materialul se mi\u0219c\u0103 odat\u0103 cu corpul t\u0103u, f\u0103r\u0103 a sacrifica stilul. Nu este doar o pies\u0103 vestimentar\u0103 practic\u0103; este, de asemenea, o tendin\u021b\u0103 atemporal\u0103 care nu se demodeaz\u0103 niciodat\u0103. Posibilitatea de a adapta o fust\u0103 lung\u0103 din denim la diferite ocazii o face o alegere versatil\u0103. Dac\u0103 vrei s\u0103 experimentezi cu comori, te po\u021bi juca cu culori \u0219i imprimeuri pentru a ie\u0219i cu adev\u0103rat \u00een eviden\u021b\u0103. Pe scurt, o fust\u0103 lung\u0103 din denim este un articol esen\u021bial \u00een \u021binuta ta de var\u0103. Vara, este important s\u0103 te sim\u021bi confortabil \u00een hainele tale. Fustele lungi din denim sunt confec\u021bionate dintr-un material respirabil care te ajut\u0103 s\u0103 r\u0103m\u00e2i r\u0103coros. Acest lucru le face deosebit de potrivite pentru o zi \u00eensorit\u0103 afar\u0103. Nu trebuie s\u0103-\u021bi faci griji cu privire la petele de transpira\u021bie sau la \u021bes\u0103turile incomode, ceea ce face ca fusta lung\u0103 din denim s\u0103 fie o alegere ideal\u0103 pentru zilele c\u0103lduroase. Croiala lejer\u0103 \u00ee\u021bi permite s\u0103 te mi\u0219ti u\u0219or \u0219i s\u0103 te bucuri de activit\u0103\u021bile tale. De asemenea, ofer\u0103 o anumit\u0103 versatilitate care \u00ee\u021bi permite s\u0103 fii juc\u0103u\u0219\u0103 cu stilul t\u0103u.<\/p>\n<h2>Sfaturi de stil pentru o fust\u0103 lung\u0103 din denim<\/h2>\n<p><img decoding=\"async\" alt=\"Een vrouw wandelt ontspannen door een markstraat vol kleurrijke groenten en fruit. Zomerstemming en gezelligheid.\" src=\"https:\/\/articles-cafe.com\/wp-content\/uploads\/imagefe4091844fa946a38c9e988927fac306.png\"\/><\/p>\n<p> Aranjarea unei fuste lungi din denim poate fi u\u0219oar\u0103 dac\u0103 \u0219tii combina\u021biile potrivite. Este important s\u0103 alegi topurile potrivite, deoarece acestea stau la baza \u021binutei tale. Iat\u0103 c\u00e2teva sugestii de topuri de luat \u00een considerare:<\/p>\n<ul>\n<li>Tricouri din bumbac pentru un look casual.<\/li>\n<li>Bluze f\u0103r\u0103 m\u00e2neci pentru un look mai rafinat.<\/li>\n<li>Topuri scurte pentru un look la mod\u0103.<\/li>\n<\/ul>\n<p>Poate p\u0103rea simplu, dar alegerea ta de \u00eenc\u0103l\u021b\u0103minte \u0219i accesorii poate face o diferen\u021b\u0103 enorm\u0103 \u00een prezentarea ta general\u0103. G\u00e2nde\u0219te-te la atmosfera pe care vrei s\u0103 o transmi\u021bi \u0219i alege articolele potrivite pentru a completa acel aspect. Iat\u0103 c\u00e2teva idei:<\/p>\n<ul>\n<li>Teni\u0219i pentru un look sportiv.<\/li>\n<li>Sandale sau espadrile pentru o senza\u021bie de var\u0103.<\/li>\n<li>O geant\u0103 de um\u0103r atractiv\u0103 pentru un plus de stil.<\/li>\n<\/ul>\n<p>Urm\u0103torul tabel ofer\u0103 o compara\u021bie \u00eentre diferite stiluri de topuri care se potrivesc bine cu o fust\u0103 lung\u0103 din denim, \u00eempreun\u0103 cu caracteristicile lor.<\/p>\n<table border=\"1\">\n<tr>\n<th>Top<\/th>\n<th>Stil<\/th>\n<th>Ocazie<\/th>\n<\/tr>\n<tr>\n<td>tricou<\/td>\n<td>Casual<\/td>\n<td>O zi \u00een ora\u0219<\/td>\n<\/tr>\n<tr>\n<td>Bluz\u0103 f\u0103r\u0103 m\u00e2neci<\/td>\n<td>Rafinat<\/td>\n<td>M\u00e2ncare \u00een ora\u0219<\/td>\n<\/tr>\n<tr>\n<td>Top scurt<\/td>\n<td>La mod\u0103<\/td>\n<td>Petreceri<\/td>\n<\/tr>\n<\/table>\n<h2>Combina\u021bii de culori \u0219i imprimeuri<\/h2>\n<p>Vara este un moment excelent pentru a experimenta cu culori \u0219i imprimeuri pentru a da via\u021b\u0103 \u021binutelor tale. Jocul cu coordonarea culorilor \u00ee\u021bi poate \u00eemprosp\u0103ta aspectul \u0219i poate face o impresie de durat\u0103. Atunci c\u00e2nd combini culorile, este important ca acestea s\u0103 se completeze reciproc. Iat\u0103 c\u00e2teva sfaturi de care trebuie s\u0103 \u021bii cont:<\/p>\n<ul>\n<li>Asigur\u0103-te c\u0103 culorile topului \u0219i ale accesoriilor se completeaz\u0103 reciproc.<\/li>\n<li>\u00cencearc\u0103 diferite materiale pentru a crea contrast.<\/li>\n<li>G\u00e2nde\u0219te-te \u00eentotdeauna la ocazie \u0219i alege culori care se potrivesc cu ea.<\/li>\n<\/ul>\n<p>\u00cen plus, utilizarea imprimeurilor poate fi o modalitate excelent\u0103 de a-\u021bi da un plus de stil. Ia \u00een considerare asortarea fustei lungi din denim cu:<\/p>\n<ul>\n<li>Imprimeuri florale pentru un look estival.<\/li>\n<li>Dungi pentru un aspect clasic.<\/li>\n<li>Imprimeuri abstracte pentru o not\u0103 modern\u0103.<\/li>\n<\/ul>\n<h2>Ocazii pentru a purta o fust\u0103 lung\u0103 din denim<\/h2>\n<p>Fusta ta lung\u0103 din denim poate fi purtat\u0103 pentru diverse ocazii \u0219i ofer\u0103 flexibilitate \u00een func\u021bie de stilul t\u0103u. Acest lucru o face o op\u021biune perfect\u0103 pentru ie\u0219iri casual, dar potrivit\u0103 \u0219i pentru evenimente mai formale. Iat\u0103 c\u00e2teva situa\u021bii \u00een care o fust\u0103 lung\u0103 din denim poate fi alegerea ideal\u0103:<\/p>\n<h3>Ie\u0219iri ocazionale<\/h3>\n<p>O fust\u0103 lung\u0103 din denim este perfect\u0103 pentru o duminic\u0103 relaxant\u0103 cu prietenii sau pentru un picnic relaxant \u00een parc. O po\u021bi combina cu u\u0219urin\u021b\u0103 cu un tricou \u0219i ni\u0219te adida\u0219i pentru o atmosfer\u0103 relaxat\u0103. Dup\u0103 o excursie de o zi, po\u021bi stiliza \u0219i mai mult look-ul pentru o cin\u0103 pe teras\u0103. Acest poten\u021bial de conversie face ca fusta lung\u0103 din denim s\u0103 fie cu adev\u0103rat unic\u0103 \u00een garderoba ta de var\u0103.<\/p>\n<h3>Evenimente \u0219i petreceri<\/h3>\n<p>Cu accesoriile potrivite, po\u021bi ar\u0103ta elegant\u0103 chiar \u0219i la o petrecere. G\u00e2nde\u0219te-te s\u0103 adaugi bijuterii statement sau o pereche de pantofi cu toc pentru a da \u021binutei un plus de stil. \u00cendr\u0103zne\u0219te s\u0103 experimentezi cu culori \u0219i imprimeuri; vei fi surprins\u0103 ce poate face o fust\u0103 lung\u0103 din denim pentru aspectul t\u0103u. Tu \u0219i fusta ta sunte\u021bi gata s\u0103 fura\u021bi spectacolul!<\/p>\n<h2>Concluzie<\/h2>\n<p>Fustele lungi din denim sunt o pies\u0103 esen\u021bial\u0103 pentru garderoba ta de var\u0103. Cu stilul \u0219i accesoriile potrivite, po\u021bi ar\u0103ta elegant\u0103 \u00een orice situa\u021bie. \u00cendr\u0103zne\u0219te s\u0103 experimentezi diferite combina\u021bii \u0219i bucur\u0103-te de var\u0103 \u00een fusta ta lung\u0103 din denim! Nu uita, cheia unei \u021binute grozave este s\u0103 fii tu \u00eens\u0103\u021bi \u0219i s\u0103 te distrezi cu ceea ce por\u021bi.<\/p>\n<h2>\u00centreb\u0103ri frecvente<\/h2>\n<ul>\n<li><strong>Ce fel de top ar trebui s\u0103 port cu o fust\u0103 lung\u0103 din denim?<\/strong> Un tricou, o bluz\u0103 sau un top scurt sunt ideale. Alege ceva care se potrive\u0219te ocaziei.<\/li>\n<li><strong>Pot purta o fust\u0103 lung\u0103 de denim la o petrecere?<\/strong> Da, cu accesoriile \u0219i pantofii potrivi\u021bi po\u021bi aranja \u0219i o fust\u0103 lung\u0103 din denim pentru o petrecere.<\/li>\n<li><strong>Sunt fustele lungi din denim potrivite pentru siluetele cu forme voluptuoase?<\/strong> Cu siguran\u021b\u0103! Fustele lungi din denim sunt versatile \u0219i pot ar\u0103ta grozav pe diferite tipuri de corp.<\/li>\n<li><strong>Ce pantofi se potrivesc cel mai bine cu o fust\u0103 lung\u0103 din denim?<\/strong> Adida\u0219ii, sandalele \u0219i pantofii cu toc sunt toate alegeri bune, \u00een func\u021bie de aspectul pe care dori\u021bi s\u0103 \u00eel ob\u021bine\u021bi.<\/li>\n<li><strong>Cum \u00eemi \u00eentre\u021bin fusta lung\u0103 din denim?<\/strong> Sp\u0103la\u021bi la temperatur\u0103 joas\u0103 \u0219i ag\u0103\u021ba\u021bi pentru a usca pentru a proteja materialul.<\/li>\n<\/ul>","protected":false},"excerpt":{"rendered":"<p>Fustele lungi din denim sunt piesele obligatorii de var\u0103 care au revenit \u00een for\u021b\u0103 \u00een ultimii ani. Ele combin\u0103 stilul cu confortul \u0219i ofer\u0103 posibilit\u0103\u021bi nelimitate.<\/p>","protected":false},"author":2,"featured_media":79,"comment_status":"closed","ping_status":"closed","sticky":false,"template":"","format":"standard","meta":{"_acf_changed":false,"footnotes":""},"categories":[1],"tags":[],"class_list":["post-107","post","type-post","status-publish","format-standard","has-post-thumbnail","hentry","category-bloggen"],"acf":[],"yoast_head":"<!-- This site is optimized with the Yoast SEO plugin v23.2 - https:\/\/yoast.com\/wordpress\/plugins\/seo\/ -->\n<title>De ultieme gids voor het dragen van een lange spijkerrok in de zomer<\/title>\n<meta name=\"description\" content=\"Ontdek stijlvolle tips en outfits voor het dragen van een lange spijkerrok deze zomer. Comfortabel en veelzijdig!\" \/>\n<meta name=\"robots\" content=\"index, follow, max-snippet:-1, max-image-preview:large, max-video-preview:-1\" \/>\n<link rel=\"canonical\" href=\"https:\/\/articles-cafe.com\/ro\/de-ultieme-gids-voor-het-dragen-van-een-lange-spijkerrok-in-de-zomer\/\" \/>\n<meta property=\"og:locale\" content=\"ro_RO\" \/>\n<meta property=\"og:type\" content=\"article\" \/>\n<meta property=\"og:title\" content=\"De ultieme gids voor het dragen van een lange spijkerrok in de zomer\" \/>\n<meta property=\"og:description\" content=\"Ontdek stijlvolle tips en outfits voor het dragen van een lange spijkerrok deze zomer. Comfortabel en veelzijdig!\" \/>\n<meta property=\"og:url\" content=\"https:\/\/articles-cafe.com\/ro\/de-ultieme-gids-voor-het-dragen-van-een-lange-spijkerrok-in-de-zomer\/\" \/>\n<meta property=\"og:site_name\" content=\"articles-cafe.com\" \/>\n<meta property=\"article:published_time\" content=\"2025-02-22T00:00:00+00:00\" \/>\n<meta property=\"article:modified_time\" content=\"2025-04-02T11:42:55+00:00\" \/>\n<meta property=\"og:image\" content=\"https:\/\/articles-cafe.com\/wp-content\/uploads\/image9cc4b60584454bf4b2a12f67e0078e46.png\" \/>\n\t<meta property=\"og:image:width\" content=\"1024\" \/>\n\t<meta property=\"og:image:height\" content=\"768\" \/>\n\t<meta property=\"og:image:type\" content=\"image\/png\" \/>\n<meta name=\"author\" content=\"Annelore de Ruiter\" \/>\n<meta name=\"twitter:card\" content=\"summary_large_image\" \/>\n<meta name=\"twitter:label1\" content=\"Scris de\" \/>\n\t<meta name=\"twitter:data1\" content=\"Annelore de Ruiter\" \/>\n\t<meta name=\"twitter:label2\" content=\"Timp estimat pentru citire\" \/>\n\t<meta name=\"twitter:data2\" content=\"5 minute\" \/>\n<script type=\"application\/ld+json\" class=\"yoast-schema-graph\">{\"@context\":\"https:\/\/schema.org\",\"@graph\":[{\"@type\":\"WebPage\",\"@id\":\"https:\/\/articles-cafe.com\/de-ultieme-gids-voor-het-dragen-van-een-lange-spijkerrok-in-de-zomer\/\",\"url\":\"https:\/\/articles-cafe.com\/de-ultieme-gids-voor-het-dragen-van-een-lange-spijkerrok-in-de-zomer\/\",\"name\":\"De ultieme gids voor het dragen van een lange spijkerrok in de zomer\",\"isPartOf\":{\"@id\":\"https:\/\/articles-cafe.com\/#website\"},\"primaryImageOfPage\":{\"@id\":\"https:\/\/articles-cafe.com\/de-ultieme-gids-voor-het-dragen-van-een-lange-spijkerrok-in-de-zomer\/#primaryimage\"},\"image\":{\"@id\":\"https:\/\/articles-cafe.com\/de-ultieme-gids-voor-het-dragen-van-een-lange-spijkerrok-in-de-zomer\/#primaryimage\"},\"thumbnailUrl\":\"https:\/\/articles-cafe.com\/wp-content\/uploads\/image9cc4b60584454bf4b2a12f67e0078e46.png\",\"datePublished\":\"2025-02-22T00:00:00+00:00\",\"dateModified\":\"2025-04-02T11:42:55+00:00\",\"author\":{\"@id\":\"https:\/\/articles-cafe.com\/#\/schema\/person\/392a6ece16915b4df211afec736aa073\"},\"description\":\"Ontdek stijlvolle tips en outfits voor het dragen van een lange spijkerrok deze zomer. Comfortabel en veelzijdig!\",\"breadcrumb\":{\"@id\":\"https:\/\/articles-cafe.com\/de-ultieme-gids-voor-het-dragen-van-een-lange-spijkerrok-in-de-zomer\/#breadcrumb\"},\"inLanguage\":\"ro-RO\",\"potentialAction\":[{\"@type\":\"ReadAction\",\"target\":[\"https:\/\/articles-cafe.com\/de-ultieme-gids-voor-het-dragen-van-een-lange-spijkerrok-in-de-zomer\/\"]}]},{\"@type\":\"ImageObject\",\"inLanguage\":\"ro-RO\",\"@id\":\"https:\/\/articles-cafe.com\/de-ultieme-gids-voor-het-dragen-van-een-lange-spijkerrok-in-de-zomer\/#primaryimage\",\"url\":\"https:\/\/articles-cafe.com\/wp-content\/uploads\/image9cc4b60584454bf4b2a12f67e0078e46.png\",\"contentUrl\":\"https:\/\/articles-cafe.com\/wp-content\/uploads\/image9cc4b60584454bf4b2a12f67e0078e46.png\",\"width\":1024,\"height\":768},{\"@type\":\"BreadcrumbList\",\"@id\":\"https:\/\/articles-cafe.com\/de-ultieme-gids-voor-het-dragen-van-een-lange-spijkerrok-in-de-zomer\/#breadcrumb\",\"itemListElement\":[{\"@type\":\"ListItem\",\"position\":1,\"name\":\"Home\",\"item\":\"https:\/\/articles-cafe.com\/\"},{\"@type\":\"ListItem\",\"position\":2,\"name\":\"De ultieme gids voor het dragen van een lange spijkerrok in de zomer\"}]},{\"@type\":\"WebSite\",\"@id\":\"https:\/\/articles-cafe.com\/#website\",\"url\":\"https:\/\/articles-cafe.com\/\",\"name\":\"articles-cafe.com\",\"description\":\"Ontdek jouw persoonlijke stijl bij ons\",\"potentialAction\":[{\"@type\":\"SearchAction\",\"target\":{\"@type\":\"EntryPoint\",\"urlTemplate\":\"https:\/\/articles-cafe.com\/?s={search_term_string}\"},\"query-input\":\"required name=search_term_string\"}],\"inLanguage\":\"ro-RO\"},{\"@type\":\"Person\",\"@id\":\"https:\/\/articles-cafe.com\/#\/schema\/person\/392a6ece16915b4df211afec736aa073\",\"name\":\"Annelore de Ruiter\",\"image\":{\"@type\":\"ImageObject\",\"inLanguage\":\"ro-RO\",\"@id\":\"https:\/\/articles-cafe.com\/#\/schema\/person\/image\/\",\"url\":\"https:\/\/articles-cafe.com\/wp-content\/uploads\/annelore-de-ruiter_avatar-96x96.jpg\",\"contentUrl\":\"https:\/\/articles-cafe.com\/wp-content\/uploads\/annelore-de-ruiter_avatar-96x96.jpg\",\"caption\":\"Annelore de Ruiter\"},\"description\":\"Annelore de Ruiter is een modeadviseur en stylist, afgestudeerd aan de modeacademie in Rotterdam. Ze heeft ervaring met diverse klanten en werkt samen met merken en ontwerpers om tijdloze, maar trendy looks te cre\u00ebren.\",\"url\":\"https:\/\/articles-cafe.com\/ro\/author\/annelore-de-ruiter\/\"}]}<\/script>\n<!-- \/ Yoast SEO plugin. -->","yoast_head_json":{"title":"De ultieme gids voor het dragen van een lange spijkerrok in de zomer","description":"Ontdek stijlvolle tips en outfits voor het dragen van een lange spijkerrok deze zomer. Comfortabel en veelzijdig!","robots":{"index":"index","follow":"follow","max-snippet":"max-snippet:-1","max-image-preview":"max-image-preview:large","max-video-preview":"max-video-preview:-1"},"canonical":"https:\/\/articles-cafe.com\/ro\/de-ultieme-gids-voor-het-dragen-van-een-lange-spijkerrok-in-de-zomer\/","og_locale":"ro_RO","og_type":"article","og_title":"De ultieme gids voor het dragen van een lange spijkerrok in de zomer","og_description":"Ontdek stijlvolle tips en outfits voor het dragen van een lange spijkerrok deze zomer. Comfortabel en veelzijdig!","og_url":"https:\/\/articles-cafe.com\/ro\/de-ultieme-gids-voor-het-dragen-van-een-lange-spijkerrok-in-de-zomer\/","og_site_name":"articles-cafe.com","article_published_time":"2025-02-22T00:00:00+00:00","article_modified_time":"2025-04-02T11:42:55+00:00","og_image":[{"width":1024,"height":768,"url":"https:\/\/articles-cafe.com\/wp-content\/uploads\/image9cc4b60584454bf4b2a12f67e0078e46.png","type":"image\/png"}],"author":"Annelore de Ruiter","twitter_card":"summary_large_image","twitter_misc":{"Scris de":"Annelore de Ruiter","Timp estimat pentru citire":"5 minute"},"schema":{"@context":"https:\/\/schema.org","@graph":[{"@type":"WebPage","@id":"https:\/\/articles-cafe.com\/de-ultieme-gids-voor-het-dragen-van-een-lange-spijkerrok-in-de-zomer\/","url":"https:\/\/articles-cafe.com\/de-ultieme-gids-voor-het-dragen-van-een-lange-spijkerrok-in-de-zomer\/","name":"De ultieme gids voor het dragen van een lange spijkerrok in de zomer","isPartOf":{"@id":"https:\/\/articles-cafe.com\/#website"},"primaryImageOfPage":{"@id":"https:\/\/articles-cafe.com\/de-ultieme-gids-voor-het-dragen-van-een-lange-spijkerrok-in-de-zomer\/#primaryimage"},"image":{"@id":"https:\/\/articles-cafe.com\/de-ultieme-gids-voor-het-dragen-van-een-lange-spijkerrok-in-de-zomer\/#primaryimage"},"thumbnailUrl":"https:\/\/articles-cafe.com\/wp-content\/uploads\/image9cc4b60584454bf4b2a12f67e0078e46.png","datePublished":"2025-02-22T00:00:00+00:00","dateModified":"2025-04-02T11:42:55+00:00","author":{"@id":"https:\/\/articles-cafe.com\/#\/schema\/person\/392a6ece16915b4df211afec736aa073"},"description":"Ontdek stijlvolle tips en outfits voor het dragen van een lange spijkerrok deze zomer. Comfortabel en veelzijdig!","breadcrumb":{"@id":"https:\/\/articles-cafe.com\/de-ultieme-gids-voor-het-dragen-van-een-lange-spijkerrok-in-de-zomer\/#breadcrumb"},"inLanguage":"ro-RO","potentialAction":[{"@type":"ReadAction","target":["https:\/\/articles-cafe.com\/de-ultieme-gids-voor-het-dragen-van-een-lange-spijkerrok-in-de-zomer\/"]}]},{"@type":"ImageObject","inLanguage":"ro-RO","@id":"https:\/\/articles-cafe.com\/de-ultieme-gids-voor-het-dragen-van-een-lange-spijkerrok-in-de-zomer\/#primaryimage","url":"https:\/\/articles-cafe.com\/wp-content\/uploads\/image9cc4b60584454bf4b2a12f67e0078e46.png","contentUrl":"https:\/\/articles-cafe.com\/wp-content\/uploads\/image9cc4b60584454bf4b2a12f67e0078e46.png","width":1024,"height":768},{"@type":"BreadcrumbList","@id":"https:\/\/articles-cafe.com\/de-ultieme-gids-voor-het-dragen-van-een-lange-spijkerrok-in-de-zomer\/#breadcrumb","itemListElement":[{"@type":"ListItem","position":1,"name":"Home","item":"https:\/\/articles-cafe.com\/"},{"@type":"ListItem","position":2,"name":"De ultieme gids voor het dragen van een lange spijkerrok in de zomer"}]},{"@type":"WebSite","@id":"https:\/\/articles-cafe.com\/#website","url":"https:\/\/articles-cafe.com\/","name":"articles-cafe.com","description":"Ontdek jouw persoonlijke stijl bij ons","potentialAction":[{"@type":"SearchAction","target":{"@type":"EntryPoint","urlTemplate":"https:\/\/articles-cafe.com\/?s={search_term_string}"},"query-input":"required name=search_term_string"}],"inLanguage":"ro-RO"},{"@type":"Person","@id":"https:\/\/articles-cafe.com\/#\/schema\/person\/392a6ece16915b4df211afec736aa073","name":"Annelore de Ruiter","image":{"@type":"ImageObject","inLanguage":"ro-RO","@id":"https:\/\/articles-cafe.com\/#\/schema\/person\/image\/","url":"https:\/\/articles-cafe.com\/wp-content\/uploads\/annelore-de-ruiter_avatar-96x96.jpg","contentUrl":"https:\/\/articles-cafe.com\/wp-content\/uploads\/annelore-de-ruiter_avatar-96x96.jpg","caption":"Annelore de Ruiter"},"description":"Annelore de Ruiter is een modeadviseur en stylist, afgestudeerd aan de modeacademie in Rotterdam. Ze heeft ervaring met diverse klanten en werkt samen met merken en ontwerpers om tijdloze, maar trendy looks te cre\u00ebren.","url":"https:\/\/articles-cafe.com\/ro\/author\/annelore-de-ruiter\/"}]}},"yoast_meta":{"yoast_wpseo_title":"","yoast_wpseo_metadesc":"","yoast_wpseo_canonical":"https:\/\/articles-cafe.com\/ro\/wp-json\/wp\/v2\/posts\/107"},"_links":{"self":[{"href":"https:\/\/articles-cafe.com\/ro\/wp-json\/wp\/v2\/posts\/107","targetHints":{"allow":["GET"]}}],"collection":[{"href":"https:\/\/articles-cafe.com\/ro\/wp-json\/wp\/v2\/posts"}],"about":[{"href":"https:\/\/articles-cafe.com\/ro\/wp-json\/wp\/v2\/types\/post"}],"author":[{"embeddable":true,"href":"https:\/\/articles-cafe.com\/ro\/wp-json\/wp\/v2\/users\/2"}],"replies":[{"embeddable":true,"href":"https:\/\/articles-cafe.com\/ro\/wp-json\/wp\/v2\/comments?post=107"}],"version-history":[{"count":2,"href":"https:\/\/articles-cafe.com\/ro\/wp-json\/wp\/v2\/posts\/107\/revisions"}],"predecessor-version":[{"id":181,"href":"https:\/\/articles-cafe.com\/ro\/wp-json\/wp\/v2\/posts\/107\/revisions\/181"}],"wp:featuredmedia":[{"embeddable":true,"href":"https:\/\/articles-cafe.com\/ro\/wp-json\/wp\/v2\/media\/79"}],"wp:attachment":[{"href":"https:\/\/articles-cafe.com\/ro\/wp-json\/wp\/v2\/media?parent=107"}],"wp:term":[{"taxonomy":"category","embeddable":true,"href":"https:\/\/articles-cafe.com\/ro\/wp-json\/wp\/v2\/categories?post=107"},{"taxonomy":"post_tag","embeddable":true,"href":"https:\/\/articles-cafe.com\/ro\/wp-json\/wp\/v2\/tags?post=107"}],"curies":[{"name":"wp","href":"https:\/\/api.w.org\/{rel}","templated":true}]}}